{"id":4280,"date":"2023-03-24T13:10:03","date_gmt":"2023-03-24T11:10:03","guid":{"rendered":"https:\/\/adprmsarat.ro\/platforma\/?p=4280"},"modified":"2023-03-28T13:11:59","modified_gmt":"2023-03-28T10:11:59","slug":"continuam-plantarea-a-zeci-de-arbori-si-arbusti-in-diferite-zone-ale-ramnicului","status":"publish","type":"post","link":"https:\/\/adprmsarat.ro\/platforma\/continuam-plantarea-a-zeci-de-arbori-si-arbusti-in-diferite-zone-ale-ramnicului\/","title":{"rendered":"CONTINU\u0102M PLANTAREA A ZECI DE ARBORI \u0218I ARBU\u0218TI \u00ceN DIFERITE ZONE ALE R\u00c2MNICULUI!"},"content":{"rendered":"<div class=\"x11i5rnm xat24cr x1mh8g0r x1vvkbs xdj266r x126k92a\">\n<div dir=\"auto\">\u00cenc\u0103 de la prima or\u0103 a dimine\u021bii echipele ADP \u0219i-au distribuit activitatea de plantare de arbori \u0219i arbu\u0219ti \u00een diferite zone ale ora\u0219ului.<\/div>\n<\/div>\n<div class=\"x11i5rnm xat24cr x1mh8g0r x1vvkbs xtlvy1s x126k92a\">\n<div dir=\"auto\">P\u00e2n\u0103 la aceast\u0103 or\u0103 plantarea a vizat urm\u0103toarele zone:<\/div>\n<div dir=\"auto\">Parcul Municipal<\/div>\n<div dir=\"auto\">Parcul din vecin\u0103tatea Gr\u0103dini\u021bei Orizont<\/div>\n<div dir=\"auto\">Zona din spatele Gr\u0103dini\u021bei Orizont<\/div>\n<div dir=\"auto\">\u00centrarea Fagului, \u00een spatele Bisericii Cuvioasa Parascheva<\/div>\n<div dir=\"auto\">Cele dou\u0103 spa\u021bii verzi din vecin\u0103tatea rondului de la intrarea \u00een municipiu<\/div>\n<div dir=\"auto\">Parcul din cap\u0103tul str\u0103zii Principele Ferdinand cu DN2 E85<\/div>\n<div dir=\"auto\">Parcul din spatele Po\u0219tei (\u00een lucru)<\/div>\n<div dir=\"auto\">Strada Mihai Eminescu (\u00een lucru)<\/div>\n<\/div>\n<div dir=\"auto\"><\/div>\n<p><iframe loading=\"lazy\" style=\"border: none; overflow: hidden;\" src=\"https:\/\/www.facebook.com\/plugins\/post.php?href=https%3A%2F%2Fwww.facebook.com%2Fadprmsaratoficial%2Fposts%2Fpfbid0aW5fn9DzU5HAX2hVRQY7rSAiT4qVkEjHUtZCseBYZdrp2vtTzLWDJKt7AHNx9qM5l&amp;show_text=true&amp;width=500\" width=\"500\" height=\"748\" frameborder=\"0\" scrolling=\"no\" allowfullscreen=\"allowfullscreen\"><\/iframe><\/p>\n","protected":false},"excerpt":{"rendered":"<p>\u00cenc\u0103 de la prima or\u0103 a dimine\u021bii echipele ADP \u0219i-au distribuit activitatea de plantare de arbori \u0219i arbu\u0219ti \u00een diferite zone ale ora\u0219ului. P\u00e2n\u0103 la aceast\u0103 or\u0103 plantarea a vizat urm\u0103toarele zone: Parcul Municipal Parcul din vecin\u0103tatea Gr\u0103dini\u021bei Orizont Zona din spatele Gr\u0103dini\u021bei Orizont \u00centrarea Fagului, \u00een spatele Bisericii Cuvioasa Parascheva Cele dou\u0103 spa\u021bii verzi [&hellip;]<\/p>\n","protected":false},"author":1,"featured_media":4281,"comment_status":"closed","ping_status":"open","sticky":false,"template":"","format":"standard","meta":{"footnotes":""},"categories":[34,36,38,35],"tags":[],"class_list":{"0":"post-4280","1":"post","2":"type-post","3":"status-publish","4":"format-standard","5":"has-post-thumbnail","7":"category-noutati","8":"category-serviciul-constructii-strazi","9":"category-serviciul-intretinere-spatii-verzi","10":"category-serviciul-mecanizare"},"_links":{"self":[{"href":"https:\/\/adprmsarat.ro\/platforma\/wp-json\/wp\/v2\/posts\/4280","targetHints":{"allow":["GET"]}}],"collection":[{"href":"https:\/\/adprmsarat.ro\/platforma\/wp-json\/wp\/v2\/posts"}],"about":[{"href":"https:\/\/adprmsarat.ro\/platforma\/wp-json\/wp\/v2\/types\/post"}],"author":[{"embeddable":true,"href":"https:\/\/adprmsarat.ro\/platforma\/wp-json\/wp\/v2\/users\/1"}],"replies":[{"embeddable":true,"href":"https:\/\/adprmsarat.ro\/platforma\/wp-json\/wp\/v2\/comments?post=4280"}],"version-history":[{"count":1,"href":"https:\/\/adprmsarat.ro\/platforma\/wp-json\/wp\/v2\/posts\/4280\/revisions"}],"predecessor-version":[{"id":4282,"href":"https:\/\/adprmsarat.ro\/platforma\/wp-json\/wp\/v2\/posts\/4280\/revisions\/4282"}],"wp:featuredmedia":[{"embeddable":true,"href":"https:\/\/adprmsarat.ro\/platforma\/wp-json\/wp\/v2\/media\/4281"}],"wp:attachment":[{"href":"https:\/\/adprmsarat.ro\/platforma\/wp-json\/wp\/v2\/media?parent=4280"}],"wp:term":[{"taxonomy":"category","embeddable":true,"href":"https:\/\/adprmsarat.ro\/platforma\/wp-json\/wp\/v2\/categories?post=4280"},{"taxonomy":"post_tag","embeddable":true,"href":"https:\/\/adprmsarat.ro\/platforma\/wp-json\/wp\/v2\/tags?post=4280"}],"curies":[{"name":"wp","href":"https:\/\/api.w.org\/{rel}","templated":true}]}}