{"id":2093,"date":"2020-03-12T14:59:16","date_gmt":"2020-03-12T12:59:16","guid":{"rendered":"https:\/\/adprmsarat.ro\/platforma\/2020\/03\/12\/curatenia-de-primavara\/"},"modified":"2022-02-01T23:14:24","modified_gmt":"2022-02-01T21:14:24","slug":"curatenia-de-primavara","status":"publish","type":"post","link":"https:\/\/adprmsarat.ro\/platforma\/curatenia-de-primavara\/","title":{"rendered":"Cur\u0103\u0163enia de prim\u0103var\u0103"},"content":{"rendered":"<p>Acum c\u0103 prim\u0103vara \u00ee\u0219i face sim\u021bit\u0103 prezen\u021ba, continu\u0103m ac\u021biunile de salubrizare, dar \u0219i amenajarea spa\u021biilor verzi!<\/p>\n<p>Zilele acestea am ac\u021bionat \u00een Cartierul Slam Ramnic, str. Horia, parcul din fa\u021ba Centrului Cultural \u201dFlorica Cristoforeanu\u201d \u0219i zona central\u0103.<\/p>\n<p>V\u0103 a\u0219tept\u0103m al\u0103turi de noi la ecologizarea de prim\u0103var\u0103!<\/p>\n<p>E o bun\u0103 ocazie pentru discu\u021bii de organizare \u0219i administrare, socializare \u0219i \u00eemprietenire, dar \u0219i pentru a face binele&#8230; dup\u0103 puteri&#8230;<\/p>\n<p>Fii tu schimbarea pe care o vrei la al\u021bii!<\/p>\n<p>&nbsp;<\/p>\n\n","protected":false},"excerpt":{"rendered":"<p>Acum c\u0103 prim\u0103vara \u00ee\u0219i face sim\u021bit\u0103 prezen\u021ba, continu\u0103m ac\u021biunile de salubrizare, dar \u0219i amenajarea spa\u021biilor verzi! Zilele acestea am ac\u021bionat \u00een Cartierul Slam Ramnic, str. Horia, parcul din fa\u021ba Centrului Cultural \u201dFlorica Cristoforeanu\u201d \u0219i zona central\u0103. V\u0103 a\u0219tept\u0103m al\u0103turi de noi la ecologizarea de prim\u0103var\u0103! E o bun\u0103 ocazie pentru discu\u021bii de organizare \u0219i administrare, [&hellip;]<\/p>\n","protected":false},"author":1,"featured_media":2094,"comment_status":"open","ping_status":"open","sticky":false,"template":"","format":"standard","meta":{"footnotes":""},"categories":[45],"tags":[],"class_list":{"0":"post-2093","1":"post","2":"type-post","3":"status-publish","4":"format-standard","5":"has-post-thumbnail","7":"category-serviciul-de-salubrizare-stradala"},"_links":{"self":[{"href":"https:\/\/adprmsarat.ro\/platforma\/wp-json\/wp\/v2\/posts\/2093","targetHints":{"allow":["GET"]}}],"collection":[{"href":"https:\/\/adprmsarat.ro\/platforma\/wp-json\/wp\/v2\/posts"}],"about":[{"href":"https:\/\/adprmsarat.ro\/platforma\/wp-json\/wp\/v2\/types\/post"}],"author":[{"embeddable":true,"href":"https:\/\/adprmsarat.ro\/platforma\/wp-json\/wp\/v2\/users\/1"}],"replies":[{"embeddable":true,"href":"https:\/\/adprmsarat.ro\/platforma\/wp-json\/wp\/v2\/comments?post=2093"}],"version-history":[{"count":1,"href":"https:\/\/adprmsarat.ro\/platforma\/wp-json\/wp\/v2\/posts\/2093\/revisions"}],"predecessor-version":[{"id":2095,"href":"https:\/\/adprmsarat.ro\/platforma\/wp-json\/wp\/v2\/posts\/2093\/revisions\/2095"}],"wp:featuredmedia":[{"embeddable":true,"href":"https:\/\/adprmsarat.ro\/platforma\/wp-json\/wp\/v2\/media\/2094"}],"wp:attachment":[{"href":"https:\/\/adprmsarat.ro\/platforma\/wp-json\/wp\/v2\/media?parent=2093"}],"wp:term":[{"taxonomy":"category","embeddable":true,"href":"https:\/\/adprmsarat.ro\/platforma\/wp-json\/wp\/v2\/categories?post=2093"},{"taxonomy":"post_tag","embeddable":true,"href":"https:\/\/adprmsarat.ro\/platforma\/wp-json\/wp\/v2\/tags?post=2093"}],"curies":[{"name":"wp","href":"https:\/\/api.w.org\/{rel}","templated":true}]}}