{"id":1932,"date":"2020-01-23T12:11:19","date_gmt":"2020-01-23T10:11:19","guid":{"rendered":"https:\/\/adprmsarat.ro\/platforma\/2020\/01\/17\/salubrizarea-albiei-raului-ramnicu-sarat-bulevardul-digului-tronsonul-bella-italia-fostul-abator\/"},"modified":"2022-01-31T08:46:59","modified_gmt":"2022-01-31T06:46:59","slug":"actiune-de-deparazitare-si-dezinsectie-la-padocul-adp-ramnicu-sarat","status":"publish","type":"post","link":"https:\/\/adprmsarat.ro\/platforma\/actiune-de-deparazitare-si-dezinsectie-la-padocul-adp-ramnicu-sarat\/","title":{"rendered":"Ac\u021biune de deparazitare \u0219i dezinsec\u021bie la padocul ADP R\u00e2mnicu S\u0103rat"},"content":{"rendered":"<div class=\"post_content\">\n<p>Astazi a avut loc o ac\u021biune de deparazitare \u0219i dezinsec\u021bie la ad\u0103postul pentru c\u00e2ini f\u0103r\u0103 st\u0103p\u00e2n al ADP R\u00e2mnicu S\u0103rat.<\/p>\n<div id='gallery-1' class='gallery galleryid-1932 gallery-columns-2 gallery-size-thumbnail'><figure class='gallery-item'>\n\t\t\t<div class='gallery-icon portrait'>\n\t\t\t\t<a href='https:\/\/adprmsarat.ro\/platforma\/anunt-de-atribuire\/anunt-de-atribuire0001-2\/'><img decoding=\"async\" width=\"150\" height=\"150\" src=\"https:\/\/adprmsarat.ro\/platforma\/wp-content\/uploads\/2022\/12\/Anunt-de-atribuire0001-1-150x150.jpg\" class=\"attachment-thumbnail size-thumbnail\" alt=\"\" \/><\/a>\n\t\t\t<\/div><\/figure>\n\t\t<\/div>\n\n<p>Mai jos v\u0103 prezent\u0103m c\u00e2teva fotografii cu starea actual\u0103 a ad\u0103postului:<\/p>\n\n<p>Pentru adop\u021bii canine ne pute\u021bi g\u0103si \u00een fiecare zi, de luni p\u00e2n\u0103 vineri \u00een intervalul orar 10.00 \u2013 18.00 la ad\u0103postul ADP R\u00e2mnicu S\u0103rat din Str. Armoniei, Nr. 58 bis.<\/p>\n<\/div>\n","protected":false},"excerpt":{"rendered":"<p>Astazi a avut loc o ac\u021biune de deparazitare \u0219i dezinsec\u021bie la ad\u0103postul pentru c\u00e2ini f\u0103r\u0103 st\u0103p\u00e2n al ADP R\u00e2mnicu S\u0103rat. Mai jos v\u0103 prezent\u0103m c\u00e2teva fotografii cu starea actual\u0103 a ad\u0103postului: Pentru adop\u021bii canine ne pute\u021bi g\u0103si \u00een fiecare zi, de luni p\u00e2n\u0103 vineri \u00een intervalul orar 10.00 \u2013 18.00 la ad\u0103postul ADP R\u00e2mnicu S\u0103rat [&hellip;]<\/p>\n","protected":false},"author":1,"featured_media":1937,"comment_status":"open","ping_status":"open","sticky":false,"template":"","format":"standard","meta":{"footnotes":""},"categories":[40],"tags":[],"class_list":{"0":"post-1932","1":"post","2":"type-post","3":"status-publish","4":"format-standard","5":"has-post-thumbnail","7":"category-serviciul-specializat-pentru-gestionarea-cainilor-fara-stapan"},"_links":{"self":[{"href":"https:\/\/adprmsarat.ro\/platforma\/wp-json\/wp\/v2\/posts\/1932","targetHints":{"allow":["GET"]}}],"collection":[{"href":"https:\/\/adprmsarat.ro\/platforma\/wp-json\/wp\/v2\/posts"}],"about":[{"href":"https:\/\/adprmsarat.ro\/platforma\/wp-json\/wp\/v2\/types\/post"}],"author":[{"embeddable":true,"href":"https:\/\/adprmsarat.ro\/platforma\/wp-json\/wp\/v2\/users\/1"}],"replies":[{"embeddable":true,"href":"https:\/\/adprmsarat.ro\/platforma\/wp-json\/wp\/v2\/comments?post=1932"}],"version-history":[{"count":2,"href":"https:\/\/adprmsarat.ro\/platforma\/wp-json\/wp\/v2\/posts\/1932\/revisions"}],"predecessor-version":[{"id":1936,"href":"https:\/\/adprmsarat.ro\/platforma\/wp-json\/wp\/v2\/posts\/1932\/revisions\/1936"}],"wp:featuredmedia":[{"embeddable":true,"href":"https:\/\/adprmsarat.ro\/platforma\/wp-json\/wp\/v2\/media\/1937"}],"wp:attachment":[{"href":"https:\/\/adprmsarat.ro\/platforma\/wp-json\/wp\/v2\/media?parent=1932"}],"wp:term":[{"taxonomy":"category","embeddable":true,"href":"https:\/\/adprmsarat.ro\/platforma\/wp-json\/wp\/v2\/categories?post=1932"},{"taxonomy":"post_tag","embeddable":true,"href":"https:\/\/adprmsarat.ro\/platforma\/wp-json\/wp\/v2\/tags?post=1932"}],"curies":[{"name":"wp","href":"https:\/\/api.w.org\/{rel}","templated":true}]}}