{"id":1915,"date":"2020-01-16T13:07:56","date_gmt":"2020-01-16T11:07:56","guid":{"rendered":"https:\/\/adprmsarat.ro\/platforma\/2020\/01\/16\/activitate-de-salubrizare-pe-albia-raului-ramnicul-sarat-sub-pod-si-tronsonul-pod-strand\/"},"modified":"2022-02-01T23:15:06","modified_gmt":"2022-02-01T21:15:06","slug":"activitate-de-salubrizare-pe-albia-raului-ramnicul-sarat-sub-pod-si-tronsonul-pod-strand","status":"publish","type":"post","link":"https:\/\/adprmsarat.ro\/platforma\/activitate-de-salubrizare-pe-albia-raului-ramnicul-sarat-sub-pod-si-tronsonul-pod-strand\/","title":{"rendered":"Activitate de salubrizare pe albia R\u00e2ului R\u00e2mnicul S\u0103rat, sub pod \u0219i tronsonul pod &#8211; \u0219trand"},"content":{"rendered":"<div id=\"js_4ig\" class=\"_5pbx userContent _3576\" data-testid=\"post_message\" data-ft=\"{&quot;tn&quot;:&quot;K&quot;}\">\n<p>Activitatea de salubrizare de ast\u0103zi de pe albia R\u00e2ului R\u00e2mnicul S\u0103rat, sub pod \u0219i tronsonul pod &#8211; \u0219trand.<\/p>\n<div id='gallery-1' class='gallery galleryid-1915 gallery-columns-3 gallery-size-thumbnail'><figure class='gallery-item'>\n\t\t\t<div class='gallery-icon landscape'>\n\t\t\t\t<a href='https:\/\/adprmsarat.ro\/platforma\/4439-2\/407792460_676547451284995_8344788517966015120_n\/'><img decoding=\"async\" width=\"150\" height=\"150\" src=\"https:\/\/adprmsarat.ro\/platforma\/wp-content\/uploads\/2023\/12\/407792460_676547451284995_8344788517966015120_n-150x150.jpg\" class=\"attachment-thumbnail size-thumbnail\" alt=\"\" \/><\/a>\n\t\t\t<\/div><\/figure><figure class='gallery-item'>\n\t\t\t<div class='gallery-icon landscape'>\n\t\t\t\t<a href='https:\/\/adprmsarat.ro\/platforma\/activitati-4-decembrie-2024\/407381297_676047784668295_9088409309676372854_n\/'><img decoding=\"async\" width=\"150\" height=\"150\" src=\"https:\/\/adprmsarat.ro\/platforma\/wp-content\/uploads\/2023\/12\/407381297_676047784668295_9088409309676372854_n-150x150.jpg\" class=\"attachment-thumbnail size-thumbnail\" alt=\"\" \/><\/a>\n\t\t\t<\/div><\/figure>\n\t\t<\/div>\n\n<\/div>\n","protected":false},"excerpt":{"rendered":"<p>Activitatea de salubrizare de ast\u0103zi de pe albia R\u00e2ului R\u00e2mnicul S\u0103rat, sub pod \u0219i tronsonul pod &#8211; \u0219trand.<\/p>\n","protected":false},"author":1,"featured_media":1916,"comment_status":"open","ping_status":"open","sticky":false,"template":"","format":"standard","meta":{"footnotes":""},"categories":[45],"tags":[],"class_list":{"0":"post-1915","1":"post","2":"type-post","3":"status-publish","4":"format-standard","5":"has-post-thumbnail","7":"category-serviciul-de-salubrizare-stradala"},"_links":{"self":[{"href":"https:\/\/adprmsarat.ro\/platforma\/wp-json\/wp\/v2\/posts\/1915","targetHints":{"allow":["GET"]}}],"collection":[{"href":"https:\/\/adprmsarat.ro\/platforma\/wp-json\/wp\/v2\/posts"}],"about":[{"href":"https:\/\/adprmsarat.ro\/platforma\/wp-json\/wp\/v2\/types\/post"}],"author":[{"embeddable":true,"href":"https:\/\/adprmsarat.ro\/platforma\/wp-json\/wp\/v2\/users\/1"}],"replies":[{"embeddable":true,"href":"https:\/\/adprmsarat.ro\/platforma\/wp-json\/wp\/v2\/comments?post=1915"}],"version-history":[{"count":1,"href":"https:\/\/adprmsarat.ro\/platforma\/wp-json\/wp\/v2\/posts\/1915\/revisions"}],"predecessor-version":[{"id":1917,"href":"https:\/\/adprmsarat.ro\/platforma\/wp-json\/wp\/v2\/posts\/1915\/revisions\/1917"}],"wp:featuredmedia":[{"embeddable":true,"href":"https:\/\/adprmsarat.ro\/platforma\/wp-json\/wp\/v2\/media\/1916"}],"wp:attachment":[{"href":"https:\/\/adprmsarat.ro\/platforma\/wp-json\/wp\/v2\/media?parent=1915"}],"wp:term":[{"taxonomy":"category","embeddable":true,"href":"https:\/\/adprmsarat.ro\/platforma\/wp-json\/wp\/v2\/categories?post=1915"},{"taxonomy":"post_tag","embeddable":true,"href":"https:\/\/adprmsarat.ro\/platforma\/wp-json\/wp\/v2\/tags?post=1915"}],"curies":[{"name":"wp","href":"https:\/\/api.w.org\/{rel}","templated":true}]}}