{"id":1512,"date":"2019-09-11T18:22:19","date_gmt":"2019-09-11T15:22:19","guid":{"rendered":"https:\/\/adprmsarat.ro\/platforma\/2019\/09\/11\/actiune-de-salubrizare-in-paduricea-de-sub-podul-peste-raul-ramnic\/"},"modified":"2022-02-01T23:17:24","modified_gmt":"2022-02-01T21:17:24","slug":"actiune-de-salubrizare-in-paduricea-de-sub-podul-peste-raul-ramnic","status":"publish","type":"post","link":"https:\/\/adprmsarat.ro\/platforma\/actiune-de-salubrizare-in-paduricea-de-sub-podul-peste-raul-ramnic\/","title":{"rendered":"Ac\u021biune de salubrizare \u00een p\u0103duricea de sub podul peste r\u00e2ul R\u00e2mnic"},"content":{"rendered":"<div id=\"js_cc\" class=\"_5pbx userContent _3576\" data-testid=\"post_message\" data-ft=\"{&quot;tn&quot;:&quot;K&quot;}\">\n<p>Post\u0103m ast\u0103zi c\u00e2teva poze surprinse \u00een p\u0103duricea de sub podul peste r\u00e2ul R\u00e2mnic. Lucr\u0103torii no\u0219tri vor salubriza zona \u00een perioada urm\u0103toare. Sper\u0103m ca aceste fotografii s\u0103 trezeasc\u0103 spiritul civic al r\u00e2mnicenilor!<\/p>\n<div id='gallery-1' class='gallery galleryid-1512 gallery-columns-4 gallery-size-thumbnail'><figure class='gallery-item'>\n\t\t\t<div class='gallery-icon landscape'>\n\t\t\t\t<a href='https:\/\/adprmsarat.ro\/platforma\/instantanee-cu-activitatile-desfasurate\/whatsapp-image-2022-09-14-at-13-04-24\/'><img decoding=\"async\" width=\"150\" height=\"150\" src=\"https:\/\/adprmsarat.ro\/platforma\/wp-content\/uploads\/2022\/09\/WhatsApp-Image-2022-09-14-at-13.04.24-150x150.jpeg\" class=\"attachment-thumbnail size-thumbnail\" alt=\"\" \/><\/a>\n\t\t\t<\/div><\/figure><figure class='gallery-item'>\n\t\t\t<div class='gallery-icon landscape'>\n\t\t\t\t<a href='https:\/\/adprmsarat.ro\/platforma\/instantanee-cu-activitatile-desfasurate\/whatsapp-image-2022-09-14-at-13-04-25\/'><img decoding=\"async\" width=\"150\" height=\"150\" src=\"https:\/\/adprmsarat.ro\/platforma\/wp-content\/uploads\/2022\/09\/WhatsApp-Image-2022-09-14-at-13.04.25-150x150.jpeg\" class=\"attachment-thumbnail size-thumbnail\" alt=\"\" \/><\/a>\n\t\t\t<\/div><\/figure>\n\t\t<\/div>\n\n<\/div>\n","protected":false},"excerpt":{"rendered":"<p>Post\u0103m ast\u0103zi c\u00e2teva poze surprinse \u00een p\u0103duricea de sub podul peste r\u00e2ul R\u00e2mnic. Lucr\u0103torii no\u0219tri vor salubriza zona \u00een perioada urm\u0103toare. Sper\u0103m ca aceste fotografii s\u0103 trezeasc\u0103 spiritul civic al r\u00e2mnicenilor!<\/p>\n","protected":false},"author":1,"featured_media":1513,"comment_status":"open","ping_status":"open","sticky":false,"template":"","format":"standard","meta":{"footnotes":""},"categories":[45],"tags":[],"class_list":{"0":"post-1512","1":"post","2":"type-post","3":"status-publish","4":"format-standard","5":"has-post-thumbnail","7":"category-serviciul-de-salubrizare-stradala"},"_links":{"self":[{"href":"https:\/\/adprmsarat.ro\/platforma\/wp-json\/wp\/v2\/posts\/1512","targetHints":{"allow":["GET"]}}],"collection":[{"href":"https:\/\/adprmsarat.ro\/platforma\/wp-json\/wp\/v2\/posts"}],"about":[{"href":"https:\/\/adprmsarat.ro\/platforma\/wp-json\/wp\/v2\/types\/post"}],"author":[{"embeddable":true,"href":"https:\/\/adprmsarat.ro\/platforma\/wp-json\/wp\/v2\/users\/1"}],"replies":[{"embeddable":true,"href":"https:\/\/adprmsarat.ro\/platforma\/wp-json\/wp\/v2\/comments?post=1512"}],"version-history":[{"count":1,"href":"https:\/\/adprmsarat.ro\/platforma\/wp-json\/wp\/v2\/posts\/1512\/revisions"}],"predecessor-version":[{"id":1514,"href":"https:\/\/adprmsarat.ro\/platforma\/wp-json\/wp\/v2\/posts\/1512\/revisions\/1514"}],"wp:featuredmedia":[{"embeddable":true,"href":"https:\/\/adprmsarat.ro\/platforma\/wp-json\/wp\/v2\/media\/1513"}],"wp:attachment":[{"href":"https:\/\/adprmsarat.ro\/platforma\/wp-json\/wp\/v2\/media?parent=1512"}],"wp:term":[{"taxonomy":"category","embeddable":true,"href":"https:\/\/adprmsarat.ro\/platforma\/wp-json\/wp\/v2\/categories?post=1512"},{"taxonomy":"post_tag","embeddable":true,"href":"https:\/\/adprmsarat.ro\/platforma\/wp-json\/wp\/v2\/tags?post=1512"}],"curies":[{"name":"wp","href":"https:\/\/api.w.org\/{rel}","templated":true}]}}